{"id":1,"date":"2023-11-28T21:50:25","date_gmt":"2023-11-28T20:50:25","guid":{"rendered":"http:\/\/bioklimatikus-pergola.net\/?p=1"},"modified":"2023-12-24T11:47:40","modified_gmt":"2023-12-24T10:47:40","slug":"hello-vilag","status":"publish","type":"post","link":"https:\/\/bioklimatikus-pergola.net\/index.php\/2023\/11\/28\/hello-vilag\/","title":{"rendered":"\u00dcdv.a korszer\u0171  \u00e1rny\u00e9kol\u00e1s vil\u00e1g\u00e1ban!"},"content":{"rendered":"\n<p>A pergola kor\u00e1bban csak kert\u00e9p\u00edt\u00e9szeti elemet jelentett, amely \u00e1ltal\u00e1ban oszlopcsarnokk\u00e9nt vagy pill\u00e9ralag\u00fatk\u00e9nt funkcion\u00e1lt, \u00e9s n\u00f6v\u00e9nyeket (p\u00e9ld\u00e1ul lugasokat vagy sz\u0151l\u0151t) hordoz. A mai pergol\u00e1k b\u0151ven meghaladt\u00e1k az \u00e1rny\u00e9kol\u00f3 \u00e9s eszt\u00e9tikai szerepek bet\u00f6lt\u00e9s\u00e9t, napjaink pergol\u00e1i k\u00fclt\u00e9ri pihen\u0151helyek, kerti \u00e9tkez\u0151k vagy egy\u00e9b szabadt\u00e9ri ter\u00fcletek kialak\u00edt\u00e1s\u00e1ra, nem utols\u00f3 sorban teraszok fed\u00e9s\u00e9re.<\/p>\n\n\n\n<p>A &#8222;pergoklima&#8221; kifejez\u00e9s, b\u00e1r nem felt\u00e9tlen\u00fcl szabv\u00e1nyos, a kontextust\u00f3l f\u00fcgg\u0151en t\u00f6bbv\u00e1ltoz\u00f3s jelent\u00e9st vehet fel. Lehet, hogy az &#8222;\u00e1ll\u00edthat\u00f3 lamell\u00e1s tet\u0151&#8221; vagy &#8222;szab\u00e1lyozhat\u00f3 \u00e1rny\u00e9kol\u00f3 rendszer&#8221; egy fajt\u00e1j\u00e1t jelenti, amelyet a pergol\u00e1khoz vagy teraszokhoz haszn\u00e1lnak.<\/p>\n\n\n\n<p>A &#8222;korszer\u0171 \u00e1rny\u00e9kol\u00e1s&#8221; \u00e1ltal\u00e1ban olyan modern megold\u00e1sokat jelent, amelyek seg\u00edts\u00e9g\u00e9vel szab\u00e1lyozhat\u00f3 a napf\u00e9ny behatol\u00e1sa egy t\u00e9rbe. Ezek k\u00f6z\u00e9 tartozhatnak az elektromosan vagy t\u00e1vir\u00e1ny\u00edt\u00e1ssal vez\u00e9relhet\u0151 red\u0151ny\u00f6k, napellenz\u0151k, relux\u00e1k vagy \u00e9ppen az eml\u00edtett pergol\u00e1kra alkalmazott speci\u00e1lis \u00e1rny\u00e9kol\u00f3 rendszerek.<\/p>\n\n\n\n<p>Ezek a korszer\u0171 \u00e1rny\u00e9kol\u00e1si megold\u00e1sok sz\u00e1mos el\u0151nnyel j\u00e1rhatnak, mint p\u00e9ld\u00e1ul a k\u00e9nyelem, az energiamegtakar\u00edt\u00e1s \u00e9s a design rugalmass\u00e1ga. Az ilyen rendszerek seg\u00edts\u00e9g\u00e9vel k\u00f6nnyed\u00e9n szab\u00e1lyozhatjuk a f\u00e9nyviszonyokat \u00e9s a h\u0151m\u00e9rs\u00e9kletet a t\u00e9rben, \u00e9s alkalmazkodhatunk az aktu\u00e1lis id\u0151j\u00e1r\u00e1si viszonyokhoz \u00e9s a felhaszn\u00e1l\u00f3i ig\u00e9nyekhez.<\/p>\n\n\n\n<p>.<\/p>\n","protected":false},"excerpt":{"rendered":"<p>A pergola kor\u00e1bban csak kert\u00e9p\u00edt\u00e9szeti elemet jelentett, amely \u00e1ltal\u00e1ban oszlopcsarnokk\u00e9nt vagy pill\u00e9ralag\u00fatk\u00e9nt funkcion\u00e1lt, \u00e9s n\u00f6v\u00e9nyeket (p\u00e9ld\u00e1ul lugasokat vagy sz\u0151l\u0151t) hordoz. A mai pergol\u00e1k b\u0151ven meghaladt\u00e1k az \u00e1rny\u00e9kol\u00f3 \u00e9s eszt\u00e9tikai szerepek bet\u00f6lt\u00e9s\u00e9t, napjaink pergol\u00e1i k\u00fclt\u00e9ri pihen\u0151helyek, kerti \u00e9tkez\u0151k vagy egy\u00e9b szabadt\u00e9ri ter\u00fcletek kialak\u00edt\u00e1s\u00e1ra, nem utols\u00f3 sorban teraszok fed\u00e9s\u00e9re. A &#8222;pergoklima&#8221; kifejez\u00e9s, b\u00e1r nem felt\u00e9tlen\u00fcl szabv\u00e1nyos, a &#8230; <a title=\"\u00dcdv.a korszer\u0171  \u00e1rny\u00e9kol\u00e1s vil\u00e1g\u00e1ban!\" class=\"read-more\" href=\"https:\/\/bioklimatikus-pergola.net\/index.php\/2023\/11\/28\/hello-vilag\/\" aria-label=\"Tov\u00e1bbiak \u00dcdv.a korszer\u0171  \u00e1rny\u00e9kol\u00e1s vil\u00e1g\u00e1ban!\">Olvass tov\u00e1bb<\/a><\/p>\n","protected":false},"author":1,"featured_media":0,"comment_status":"open","ping_status":"open","sticky":false,"template":"","format":"standard","meta":{"om_disable_all_campaigns":false,"_monsterinsights_skip_tracking":false,"_monsterinsights_sitenote_active":false,"_monsterinsights_sitenote_note":"","_monsterinsights_sitenote_category":0,"footnotes":""},"categories":[1],"tags":[],"aioseo_notices":[],"_links":{"self":[{"href":"https:\/\/bioklimatikus-pergola.net\/index.php\/wp-json\/wp\/v2\/posts\/1"}],"collection":[{"href":"https:\/\/bioklimatikus-pergola.net\/index.php\/wp-json\/wp\/v2\/posts"}],"about":[{"href":"https:\/\/bioklimatikus-pergola.net\/index.php\/wp-json\/wp\/v2\/types\/post"}],"author":[{"embeddable":true,"href":"https:\/\/bioklimatikus-pergola.net\/index.php\/wp-json\/wp\/v2\/users\/1"}],"replies":[{"embeddable":true,"href":"https:\/\/bioklimatikus-pergola.net\/index.php\/wp-json\/wp\/v2\/comments?post=1"}],"version-history":[{"count":3,"href":"https:\/\/bioklimatikus-pergola.net\/index.php\/wp-json\/wp\/v2\/posts\/1\/revisions"}],"predecessor-version":[{"id":19,"href":"https:\/\/bioklimatikus-pergola.net\/index.php\/wp-json\/wp\/v2\/posts\/1\/revisions\/19"}],"wp:attachment":[{"href":"https:\/\/bioklimatikus-pergola.net\/index.php\/wp-json\/wp\/v2\/media?parent=1"}],"wp:term":[{"taxonomy":"category","embeddable":true,"href":"https:\/\/bioklimatikus-pergola.net\/index.php\/wp-json\/wp\/v2\/categories?post=1"},{"taxonomy":"post_tag","embeddable":true,"href":"https:\/\/bioklimatikus-pergola.net\/index.php\/wp-json\/wp\/v2\/tags?post=1"}],"curies":[{"name":"wp","href":"https:\/\/api.w.org\/{rel}","templated":true}]}}